{"id":784,"date":"2020-09-18T20:00:14","date_gmt":"2020-09-18T18:00:14","guid":{"rendered":"http:\/\/sv-merchingen.de\/?p=784"},"modified":"2020-09-18T20:00:16","modified_gmt":"2020-09-18T18:00:16","slug":"am-wochenende-heisst-es-wieder-fussball-auf-dem-galgenberg-%e2%9a%bd%f0%9f%92%9b%f0%9f%96%a4","status":"publish","type":"post","link":"https:\/\/sv-merchingen.de\/?p=784","title":{"rendered":"Am Wochenende hei\u00dft es wieder &#8222;Fussball auf dem Galgenberg&#8220; \u26bd\ud83d\udc9b\ud83d\udda4"},"content":{"rendered":"\n<p>SAMSTAG, 19.09.2020<\/p>\n\n\n\n<p>12.00Uhr E-Jugend in Merchingen  &#8211; SVM &#8211; <a href=\"https:\/\/www.facebook.com\/fcbrotdorf1951\/?__cft__[0]=AZX0q9kcqbX06Td6Ana7WgB_thhxlmV6JLBUd2XR96cHyLIzxNKtiqLnTZspN2JvHdTUyZnuFiu7hr7RXNIUlD6BLX133fTZK4UxIiQciOZIKdGF13lIVwxSa0fnV3eJPRuGAE4muyPQm3HPh-Plv032Scr29pw7fcdarAhdS_FkLA&amp;__tn__=kK-R\">FC Brotdorf 1951 e.V.<\/a><\/p>\n\n\n\n<p>14.00Uhr D- Jugend in Merchingen &#8211;  SVM &#8211; <a href=\"https:\/\/www.facebook.com\/jfghochwaldlosheim\/?__cft__[0]=AZX0q9kcqbX06Td6Ana7WgB_thhxlmV6JLBUd2XR96cHyLIzxNKtiqLnTZspN2JvHdTUyZnuFiu7hr7RXNIUlD6BLX133fTZK4UxIiQciOZIKdGF13lIVwxSa0fnV3eJPRuGAE4muyPQm3HPh-Plv032Scr29pw7fcdarAhdS_FkLA&amp;__tn__=kK-R\">JFG Hochwald Losheim e.V.<\/a> 1<\/p>\n\n\n\n<p>16.30Uhr C &#8211; Jugend in Merchingen &#8211;  SG SVM 2 &#8211; <a href=\"https:\/\/www.facebook.com\/ssvpachten\/?__cft__[0]=AZX0q9kcqbX06Td6Ana7WgB_thhxlmV6JLBUd2XR96cHyLIzxNKtiqLnTZspN2JvHdTUyZnuFiu7hr7RXNIUlD6BLX133fTZK4UxIiQciOZIKdGF13lIVwxSa0fnV3eJPRuGAE4muyPQm3HPh-Plv032Scr29pw7fcdarAhdS_FkLA&amp;__tn__=kK-R\">SSV Pachten<\/a> 1<\/p>\n\n\n\n<p>18.00Uhr AH-A in Brotdorf   &#8211;  SG SVM\/FCB &#8211; SV Bardenbach<\/p>\n\n\n\n<p>SONNTAG, 20.09.2020<\/p>\n\n\n\n<p>12.30Uhr 2.Mannschaft in Merchingen  &#8211;  SVM 2 &#8211; <a href=\"https:\/\/www.facebook.com\/SVWeiskirchenKonfeld\/?__cft__[0]=AZX0q9kcqbX06Td6Ana7WgB_thhxlmV6JLBUd2XR96cHyLIzxNKtiqLnTZspN2JvHdTUyZnuFiu7hr7RXNIUlD6BLX133fTZK4UxIiQciOZIKdGF13lIVwxSa0fnV3eJPRuGAE4muyPQm3HPh-Plv032Scr29pw7fcdarAhdS_FkLA&amp;__tn__=kK-R\">SV 1926 Weiskirchen Konfeld e.V.<\/a><\/p>\n\n\n\n<p>16.00Uhr 1.Mannschaft in Merchingen &#8211;   SVM 1 &#8211; <a href=\"https:\/\/www.facebook.com\/SVSchwemlingen\/?__cft__[0]=AZX0q9kcqbX06Td6Ana7WgB_thhxlmV6JLBUd2XR96cHyLIzxNKtiqLnTZspN2JvHdTUyZnuFiu7hr7RXNIUlD6BLX133fTZK4UxIiQciOZIKdGF13lIVwxSa0fnV3eJPRuGAE4muyPQm3HPh-Plv032Scr29pw7fcdarAhdS_FkLA&amp;__tn__=kK-R\">SV 1920 Schwemlingen e.V.<\/a><\/p>\n\n\n\n<p>Wir appellieren an alle Spieler, Trainer und Zuschauer sich an die Hygienevorgaben vor Ort zu halten!<\/p>\n\n\n\n<p><a href=\"http:\/\/sv-merchingen.de\/?page_id=586\" target=\"_blank\" rel=\"noreferrer noopener\">Das Hygienekonzept des SV Merchingen findet ihr hier&#8230;<\/a><\/p>\n\n\n\n<p>Neben einer ausgelegten Daten-Erfassungs- Liste am Eingang, besteht die M\u00f6glichkeit, euch \u00fcber die Staysio App zu registrieren. Bitte haltet euch in den entsprechenden Zuschauerzonen auf. Danke f\u00fcr eure Unterst\u00fctzung!!!!<a href=\"https:\/\/www.facebook.com\/svmerchingen\/photos\/pcb.3847376441942636\/3847376048609342\/?__cft__[0]=AZX0q9kcqbX06Td6Ana7WgB_thhxlmV6JLBUd2XR96cHyLIzxNKtiqLnTZspN2JvHdTUyZnuFiu7hr7RXNIUlD6BLX133fTZK4UxIiQciOZIKdGF13lIVwxSa0fnV3eJPRuGAE4muyPQm3HPh-Plv032Scr29pw7fcdarAhdS_FkLA&amp;__tn__=*bH-R\"><\/a><a href=\"https:\/\/www.facebook.com\/svmerchingen\/photos\/pcb.3847376441942636\/3847376098609337\/?__cft__[0]=AZX0q9kcqbX06Td6Ana7WgB_thhxlmV6JLBUd2XR96cHyLIzxNKtiqLnTZspN2JvHdTUyZnuFiu7hr7RXNIUlD6BLX133fTZK4UxIiQciOZIKdGF13lIVwxSa0fnV3eJPRuGAE4muyPQm3HPh-Plv032Scr29pw7fcdarAhdS_FkLA&amp;__tn__=*bH-R\"><\/a><a href=\"https:\/\/www.facebook.com\/svmerchingen\/photos\/pcb.3847376441942636\/3847376318609315\/?__cft__[0]=AZX0q9kcqbX06Td6Ana7WgB_thhxlmV6JLBUd2XR96cHyLIzxNKtiqLnTZspN2JvHdTUyZnuFiu7hr7RXNIUlD6BLX133fTZK4UxIiQciOZIKdGF13lIVwxSa0fnV3eJPRuGAE4muyPQm3HPh-Plv032Scr29pw7fcdarAhdS_FkLA&amp;__tn__=*bH-R\"><\/a><\/p>\n","protected":false},"excerpt":{"rendered":"<p>SAMSTAG, 19.09.2020 12.00Uhr E-Jugend in Merchingen &#8211; SVM &#8211; FC Brotdorf 1951 e.V. 14.00Uhr D- Jugend in Merchingen &#8211; SVM &#8211; JFG Hochwald Losheim e.V. &hellip; <\/p>\n","protected":false},"author":2,"featured_media":0,"comment_status":"closed","ping_status":"open","sticky":false,"template":"","format":"standard","meta":{"ngg_post_thumbnail":0,"footnotes":""},"categories":[1],"tags":[],"class_list":["post-784","post","type-post","status-publish","format-standard","hentry","category-allgemein"],"_links":{"self":[{"href":"https:\/\/sv-merchingen.de\/index.php?rest_route=\/wp\/v2\/posts\/784","targetHints":{"allow":["GET"]}}],"collection":[{"href":"https:\/\/sv-merchingen.de\/index.php?rest_route=\/wp\/v2\/posts"}],"about":[{"href":"https:\/\/sv-merchingen.de\/index.php?rest_route=\/wp\/v2\/types\/post"}],"author":[{"embeddable":true,"href":"https:\/\/sv-merchingen.de\/index.php?rest_route=\/wp\/v2\/users\/2"}],"replies":[{"embeddable":true,"href":"https:\/\/sv-merchingen.de\/index.php?rest_route=%2Fwp%2Fv2%2Fcomments&post=784"}],"version-history":[{"count":1,"href":"https:\/\/sv-merchingen.de\/index.php?rest_route=\/wp\/v2\/posts\/784\/revisions"}],"predecessor-version":[{"id":785,"href":"https:\/\/sv-merchingen.de\/index.php?rest_route=\/wp\/v2\/posts\/784\/revisions\/785"}],"wp:attachment":[{"href":"https:\/\/sv-merchingen.de\/index.php?rest_route=%2Fwp%2Fv2%2Fmedia&parent=784"}],"wp:term":[{"taxonomy":"category","embeddable":true,"href":"https:\/\/sv-merchingen.de\/index.php?rest_route=%2Fwp%2Fv2%2Fcategories&post=784"},{"taxonomy":"post_tag","embeddable":true,"href":"https:\/\/sv-merchingen.de\/index.php?rest_route=%2Fwp%2Fv2%2Ftags&post=784"}],"curies":[{"name":"wp","href":"https:\/\/api.w.org\/{rel}","templated":true}]}}