{"id":3239,"date":"2022-07-12T20:10:36","date_gmt":"2022-07-12T18:10:36","guid":{"rendered":"http:\/\/sv-merchingen.de\/?p=3239"},"modified":"2022-07-12T20:10:37","modified_gmt":"2022-07-12T18:10:37","slug":"nachwuchs-beim-svm","status":"publish","type":"post","link":"https:\/\/sv-merchingen.de\/?p=3239","title":{"rendered":"Nachwuchs beim SVM"},"content":{"rendered":"\n<p>Wir freuen uns mit Eric und Katrin \u00fcber die Geburt ihrer Tochter Maria.<\/p>\n\n\n\n<p>Wir w\u00fcnschen Euch alles Gl\u00fcck dieser Erde und eine sch\u00f6ne Zeit zu dritt!\u00a0<img loading=\"lazy\" decoding=\"async\" height=\"16\" width=\"16\" src=\"https:\/\/static.xx.fbcdn.net\/images\/emoji.php\/v9\/te5\/1.5\/16\/1f468_200d_1f469_200d_1f467.png\" alt=\"\ud83d\udc68\u200d\ud83d\udc69\u200d\ud83d\udc67\"><img loading=\"lazy\" decoding=\"async\" height=\"16\" width=\"16\" src=\"https:\/\/static.xx.fbcdn.net\/images\/emoji.php\/v9\/t70\/1.5\/16\/1f37c.png\" alt=\"\ud83c\udf7c\"><img loading=\"lazy\" decoding=\"async\" height=\"16\" width=\"16\" src=\"https:\/\/static.xx.fbcdn.net\/images\/emoji.php\/v9\/te0\/1.5\/16\/1f340.png\" alt=\"\ud83c\udf40\"><\/p>\n\n\n\n<figure class=\"wp-block-image size-full is-resized\"><img loading=\"lazy\" decoding=\"async\" src=\"http:\/\/sv-merchingen.de\/wp-content\/uploads\/2022\/07\/293424198_5903599116320348_7637141906353500199_n.jpg\" alt=\"\" class=\"wp-image-3240\" width=\"544\" height=\"381\" srcset=\"https:\/\/sv-merchingen.de\/wp-content\/uploads\/2022\/07\/293424198_5903599116320348_7637141906353500199_n.jpg 875w, https:\/\/sv-merchingen.de\/wp-content\/uploads\/2022\/07\/293424198_5903599116320348_7637141906353500199_n-300x210.jpg 300w, https:\/\/sv-merchingen.de\/wp-content\/uploads\/2022\/07\/293424198_5903599116320348_7637141906353500199_n-768x538.jpg 768w, https:\/\/sv-merchingen.de\/wp-content\/uploads\/2022\/07\/293424198_5903599116320348_7637141906353500199_n-120x85.jpg 120w\" sizes=\"auto, (max-width: 544px) 100vw, 544px\" \/><\/figure>\n","protected":false},"excerpt":{"rendered":"<p>Wir freuen uns mit Eric und Katrin \u00fcber die Geburt ihrer Tochter Maria. Wir w\u00fcnschen Euch alles Gl\u00fcck dieser Erde und eine sch\u00f6ne Zeit zu &hellip; <\/p>\n","protected":false},"author":2,"featured_media":0,"comment_status":"closed","ping_status":"open","sticky":false,"template":"","format":"standard","meta":{"ngg_post_thumbnail":0,"footnotes":""},"categories":[1],"tags":[],"class_list":["post-3239","post","type-post","status-publish","format-standard","hentry","category-allgemein"],"_links":{"self":[{"href":"https:\/\/sv-merchingen.de\/index.php?rest_route=\/wp\/v2\/posts\/3239","targetHints":{"allow":["GET"]}}],"collection":[{"href":"https:\/\/sv-merchingen.de\/index.php?rest_route=\/wp\/v2\/posts"}],"about":[{"href":"https:\/\/sv-merchingen.de\/index.php?rest_route=\/wp\/v2\/types\/post"}],"author":[{"embeddable":true,"href":"https:\/\/sv-merchingen.de\/index.php?rest_route=\/wp\/v2\/users\/2"}],"replies":[{"embeddable":true,"href":"https:\/\/sv-merchingen.de\/index.php?rest_route=%2Fwp%2Fv2%2Fcomments&post=3239"}],"version-history":[{"count":1,"href":"https:\/\/sv-merchingen.de\/index.php?rest_route=\/wp\/v2\/posts\/3239\/revisions"}],"predecessor-version":[{"id":3241,"href":"https:\/\/sv-merchingen.de\/index.php?rest_route=\/wp\/v2\/posts\/3239\/revisions\/3241"}],"wp:attachment":[{"href":"https:\/\/sv-merchingen.de\/index.php?rest_route=%2Fwp%2Fv2%2Fmedia&parent=3239"}],"wp:term":[{"taxonomy":"category","embeddable":true,"href":"https:\/\/sv-merchingen.de\/index.php?rest_route=%2Fwp%2Fv2%2Fcategories&post=3239"},{"taxonomy":"post_tag","embeddable":true,"href":"https:\/\/sv-merchingen.de\/index.php?rest_route=%2Fwp%2Fv2%2Ftags&post=3239"}],"curies":[{"name":"wp","href":"https:\/\/api.w.org\/{rel}","templated":true}]}}