{"id":19403,"date":"2025-05-17T05:40:10","date_gmt":"2025-05-17T03:40:10","guid":{"rendered":"https:\/\/sv-merchingen.de\/?p=19403"},"modified":"2025-05-17T05:40:10","modified_gmt":"2025-05-17T03:40:10","slug":"neuer-vorstand-des-svm-gewaehlt%f0%9f%90%9d","status":"publish","type":"post","link":"https:\/\/sv-merchingen.de\/?p=19403","title":{"rendered":"Neuer Vorstand des SVM gew\u00e4hlt\ud83d\udc1d"},"content":{"rendered":"\n<p>Vergangenen Sonntag fand auf dem Sportplatz in Merchingen \u2013 wie jedes Jahr \u2013 die Mitgliederversammlung des SV Merchingen statt.\ud83d\udc9b<\/p>\n\n\n\n<p>Der Verein blickte auf ein sehr erfolgreiches Jahr zur\u00fcck. \ud83d\ude4c<br>Neben den Berichten aus den Abteilungen standen auch Neuwahlen des Vorstands auf der Tagesordnung. \ud83d\uddf3\ufe0f<\/p>\n\n\n\n<p>Verabschiedet wurden die Vorstandsmitglieder Eric Hargarter und Vincent Bauer \u2013 der Verein bedankt sich f\u00fcr ihre geleistete Arbeit. \ud83d\udc9b\ud83d\udda4 Michael Hargarter verl\u00e4sst den Jugendbereich und tritt nun dem gesch\u00e4ftsf\u00fchrenden Vorstand bei.\ud83d\ude4c<\/p>\n\n\n\n<p>Im Rahmen der Mitgliederversammlung am vergangenen Sonntag wurde der neue Vorstand des SV Merchingen gew\u00e4hlt. Die Verantwortungsbereiche sind wie folgt besetzt:<\/p>\n\n\n\n<p>Gesch\u00e4ftsf\u00fchrung:\u270d\ud83c\udffd\u2028Johannes Bies, Bernd Reinert, Julian Reinert, Pascal F\u00f6hr, Michael Hargarter<\/p>\n\n\n\n<p>Jugendabteilung:\ud83d\udc67\ud83d\udc66\u2028Marc Hargarter, Sven Dillinger, Mike Jongebloet, Mathias Hargarter<\/p>\n\n\n\n<p>Abteilung Alte Herren:\ud83d\udc74\u2028Martin Hermann<\/p>\n\n\n\n<p>Abteilung f\u00fcr Organisation:\ud83d\udcda\ud83d\udcc6\u2028Toto Herrmann, Jonas Hoff, Lars Holbach, Gioppo Agnello<\/p>\n\n\n\n<p>Spielausschuss:\u26bd\ufe0f\u270d\ud83c\udffd\u2028Benni Brausch, Christian Linster, Frederic Scholtes, Giuliano Mary<\/p>\n\n\n\n<p>Spielbetrieb:\ud83c\udfdf\ufe0f\u2028Manfred Mutschler, Robin Denoyelle<\/p>\n\n\n\n<p>\u00d6ffentlichkeitsarbeit:\ud83d\udcf8\u2028Tanja Mutschler, Mara Mutschler, Wolfgang Willkomm<\/p>\n\n\n\n<figure class=\"wp-block-image size-large\"><img loading=\"lazy\" decoding=\"async\" width=\"816\" height=\"1024\" src=\"https:\/\/sv-merchingen.de\/wp-content\/uploads\/2025\/05\/IMG-20250516-WA0329-816x1024.jpg\" alt=\"\" class=\"wp-image-19404\" srcset=\"https:\/\/sv-merchingen.de\/wp-content\/uploads\/2025\/05\/IMG-20250516-WA0329-816x1024.jpg 816w, https:\/\/sv-merchingen.de\/wp-content\/uploads\/2025\/05\/IMG-20250516-WA0329-239x300.jpg 239w, https:\/\/sv-merchingen.de\/wp-content\/uploads\/2025\/05\/IMG-20250516-WA0329-768x963.jpg 768w, https:\/\/sv-merchingen.de\/wp-content\/uploads\/2025\/05\/IMG-20250516-WA0329-1225x1536.jpg 1225w, https:\/\/sv-merchingen.de\/wp-content\/uploads\/2025\/05\/IMG-20250516-WA0329.jpg 1290w\" sizes=\"auto, (max-width: 816px) 100vw, 816px\" \/><\/figure>\n","protected":false},"excerpt":{"rendered":"<p>Vergangenen Sonntag fand auf dem Sportplatz in Merchingen \u2013 wie jedes Jahr \u2013 die Mitgliederversammlung des SV Merchingen statt.\ud83d\udc9b Der Verein blickte auf ein sehr &hellip; <\/p>\n","protected":false},"author":2,"featured_media":0,"comment_status":"closed","ping_status":"open","sticky":false,"template":"","format":"standard","meta":{"ngg_post_thumbnail":0,"footnotes":""},"categories":[1],"tags":[],"class_list":["post-19403","post","type-post","status-publish","format-standard","hentry","category-allgemein"],"_links":{"self":[{"href":"https:\/\/sv-merchingen.de\/index.php?rest_route=\/wp\/v2\/posts\/19403","targetHints":{"allow":["GET"]}}],"collection":[{"href":"https:\/\/sv-merchingen.de\/index.php?rest_route=\/wp\/v2\/posts"}],"about":[{"href":"https:\/\/sv-merchingen.de\/index.php?rest_route=\/wp\/v2\/types\/post"}],"author":[{"embeddable":true,"href":"https:\/\/sv-merchingen.de\/index.php?rest_route=\/wp\/v2\/users\/2"}],"replies":[{"embeddable":true,"href":"https:\/\/sv-merchingen.de\/index.php?rest_route=%2Fwp%2Fv2%2Fcomments&post=19403"}],"version-history":[{"count":1,"href":"https:\/\/sv-merchingen.de\/index.php?rest_route=\/wp\/v2\/posts\/19403\/revisions"}],"predecessor-version":[{"id":19405,"href":"https:\/\/sv-merchingen.de\/index.php?rest_route=\/wp\/v2\/posts\/19403\/revisions\/19405"}],"wp:attachment":[{"href":"https:\/\/sv-merchingen.de\/index.php?rest_route=%2Fwp%2Fv2%2Fmedia&parent=19403"}],"wp:term":[{"taxonomy":"category","embeddable":true,"href":"https:\/\/sv-merchingen.de\/index.php?rest_route=%2Fwp%2Fv2%2Fcategories&post=19403"},{"taxonomy":"post_tag","embeddable":true,"href":"https:\/\/sv-merchingen.de\/index.php?rest_route=%2Fwp%2Fv2%2Ftags&post=19403"}],"curies":[{"name":"wp","href":"https:\/\/api.w.org\/{rel}","templated":true}]}}