{"id":15584,"date":"2024-07-01T22:55:25","date_gmt":"2024-07-01T20:55:25","guid":{"rendered":"http:\/\/sv-merchingen.de\/?p=15584"},"modified":"2024-07-01T22:55:25","modified_gmt":"2024-07-01T20:55:25","slug":"trainingsauftakt-auf-dem-galgenberg","status":"publish","type":"post","link":"https:\/\/sv-merchingen.de\/?p=15584","title":{"rendered":"Trainingsauftakt auf dem Galgenberg"},"content":{"rendered":"\n<p>Heute starteten unsere Jungs in die Vorbereitung. \u26bd\ufe0f<\/p>\n\n\n\n<figure class=\"wp-block-image size-large\"><img loading=\"lazy\" decoding=\"async\" width=\"1024\" height=\"462\" src=\"http:\/\/sv-merchingen.de\/wp-content\/uploads\/2024\/07\/20240701_190352-1024x462.jpg\" alt=\"\" class=\"wp-image-15587\" srcset=\"https:\/\/sv-merchingen.de\/wp-content\/uploads\/2024\/07\/20240701_190352-1024x462.jpg 1024w, https:\/\/sv-merchingen.de\/wp-content\/uploads\/2024\/07\/20240701_190352-300x135.jpg 300w, https:\/\/sv-merchingen.de\/wp-content\/uploads\/2024\/07\/20240701_190352-768x346.jpg 768w, https:\/\/sv-merchingen.de\/wp-content\/uploads\/2024\/07\/20240701_190352-1536x692.jpg 1536w, https:\/\/sv-merchingen.de\/wp-content\/uploads\/2024\/07\/20240701_190352-2048x923.jpg 2048w\" sizes=\"auto, (max-width: 1024px) 100vw, 1024px\" \/><\/figure>\n\n\n\n<p><br>Als neuen Trainer d\u00fcrfen wir ganz herzlich Wolfgang Szygula in Merchingen begr\u00fc\u00dfen!<br>Wir w\u00fcnschen dir und deinen Co-Trainern Steven Basenach und Rafael Herzog viel Spa\u00df und Erfolg mit den Jungs beim SVM!\ud83d\udc9b\ud83d\udda4<\/p>\n\n\n\n<figure class=\"wp-block-image size-large\"><img loading=\"lazy\" decoding=\"async\" width=\"682\" height=\"1024\" src=\"http:\/\/sv-merchingen.de\/wp-content\/uploads\/2024\/07\/P1028833-682x1024.jpg\" alt=\"\" class=\"wp-image-15585\" srcset=\"https:\/\/sv-merchingen.de\/wp-content\/uploads\/2024\/07\/P1028833-682x1024.jpg 682w, https:\/\/sv-merchingen.de\/wp-content\/uploads\/2024\/07\/P1028833-200x300.jpg 200w, https:\/\/sv-merchingen.de\/wp-content\/uploads\/2024\/07\/P1028833-768x1154.jpg 768w, https:\/\/sv-merchingen.de\/wp-content\/uploads\/2024\/07\/P1028833-1022x1536.jpg 1022w, https:\/\/sv-merchingen.de\/wp-content\/uploads\/2024\/07\/P1028833-1363x2048.jpg 1363w, https:\/\/sv-merchingen.de\/wp-content\/uploads\/2024\/07\/P1028833-scaled.jpg 1704w\" sizes=\"auto, (max-width: 682px) 100vw, 682px\" \/><\/figure>\n\n\n\n<p>An dieser Stelle begr\u00fc\u00dfen wir nat\u00fcrlich auch unsere Neuzug\u00e4nge\u2026<br>Alessio Pace, Benny Allesio, Colin Schabel, Ertekin Kivrak, Joshua Hess, Leon Scharding, Linus Betzhold, Max Kipka, Noah Dibo, Raul Dos Santos und Tim Bemtgen<br>Auch euch eine tolle, erfolgreiche Zeit bei uns! \ud83d\udc1d\ud83d\udc4d<\/p>\n\n\n\n<figure class=\"wp-block-image size-large\"><img loading=\"lazy\" decoding=\"async\" width=\"1024\" height=\"684\" src=\"http:\/\/sv-merchingen.de\/wp-content\/uploads\/2024\/07\/P1028828-1024x684.jpg\" alt=\"\" class=\"wp-image-15586\" srcset=\"https:\/\/sv-merchingen.de\/wp-content\/uploads\/2024\/07\/P1028828-1024x684.jpg 1024w, https:\/\/sv-merchingen.de\/wp-content\/uploads\/2024\/07\/P1028828-300x200.jpg 300w, https:\/\/sv-merchingen.de\/wp-content\/uploads\/2024\/07\/P1028828-768x513.jpg 768w, https:\/\/sv-merchingen.de\/wp-content\/uploads\/2024\/07\/P1028828-1536x1025.jpg 1536w, https:\/\/sv-merchingen.de\/wp-content\/uploads\/2024\/07\/P1028828-2048x1367.jpg 2048w\" sizes=\"auto, (max-width: 1024px) 100vw, 1024px\" \/><\/figure>\n","protected":false},"excerpt":{"rendered":"<p>Heute starteten unsere Jungs in die Vorbereitung. \u26bd\ufe0f Als neuen Trainer d\u00fcrfen wir ganz herzlich Wolfgang Szygula in Merchingen begr\u00fc\u00dfen!Wir w\u00fcnschen dir und deinen Co-Trainern &hellip; <\/p>\n","protected":false},"author":2,"featured_media":0,"comment_status":"closed","ping_status":"open","sticky":false,"template":"","format":"standard","meta":{"ngg_post_thumbnail":0,"footnotes":""},"categories":[1],"tags":[],"class_list":["post-15584","post","type-post","status-publish","format-standard","hentry","category-allgemein"],"_links":{"self":[{"href":"https:\/\/sv-merchingen.de\/index.php?rest_route=\/wp\/v2\/posts\/15584","targetHints":{"allow":["GET"]}}],"collection":[{"href":"https:\/\/sv-merchingen.de\/index.php?rest_route=\/wp\/v2\/posts"}],"about":[{"href":"https:\/\/sv-merchingen.de\/index.php?rest_route=\/wp\/v2\/types\/post"}],"author":[{"embeddable":true,"href":"https:\/\/sv-merchingen.de\/index.php?rest_route=\/wp\/v2\/users\/2"}],"replies":[{"embeddable":true,"href":"https:\/\/sv-merchingen.de\/index.php?rest_route=%2Fwp%2Fv2%2Fcomments&post=15584"}],"version-history":[{"count":1,"href":"https:\/\/sv-merchingen.de\/index.php?rest_route=\/wp\/v2\/posts\/15584\/revisions"}],"predecessor-version":[{"id":15588,"href":"https:\/\/sv-merchingen.de\/index.php?rest_route=\/wp\/v2\/posts\/15584\/revisions\/15588"}],"wp:attachment":[{"href":"https:\/\/sv-merchingen.de\/index.php?rest_route=%2Fwp%2Fv2%2Fmedia&parent=15584"}],"wp:term":[{"taxonomy":"category","embeddable":true,"href":"https:\/\/sv-merchingen.de\/index.php?rest_route=%2Fwp%2Fv2%2Fcategories&post=15584"},{"taxonomy":"post_tag","embeddable":true,"href":"https:\/\/sv-merchingen.de\/index.php?rest_route=%2Fwp%2Fv2%2Ftags&post=15584"}],"curies":[{"name":"wp","href":"https:\/\/api.w.org\/{rel}","templated":true}]}}