{"id":1120,"date":"2021-05-30T13:41:11","date_gmt":"2021-05-30T11:41:11","guid":{"rendered":"http:\/\/sv-merchingen.de\/?p=1120"},"modified":"2021-05-30T13:41:13","modified_gmt":"2021-05-30T11:41:13","slug":"wir-sagen-danke-%e2%9a%bd%f0%9f%92%9b%f0%9f%96%a4","status":"publish","type":"post","link":"https:\/\/sv-merchingen.de\/?p=1120","title":{"rendered":"Wir sagen Danke&#8230; \u26bd\ud83d\udc9b\ud83d\udda4"},"content":{"rendered":"\n<p>Normalerweise h\u00e4tte heute der letzte Spieltag der Saison 2020\/21 stattgefunden. <\/p>\n\n\n\n<p>Dann w\u00e4re es wie am Ende jeder Runde an der Zeit gewesen, Danke zu sagen. Weil es uns aus den bekannten Gr\u00fcnden nicht m\u00f6glich ist, alle gemeinsam den Saisonabschluss zu feiern, wollen wir zumindest auf diesem Weg diejenigen verabschieden, die unseren Verein verlassen. <\/p>\n\n\n\n<p>Zun\u00e4chst danken wir unserem Trainerteam Artur Kruser und Patrick Wagner, das in den vergangenen zweieinhalb Jahren das Zepter in der Hand gehalten hat. Wie ihr wisst, ist aufgeschoben nicht aufgehoben. Bei der n\u00e4chstm\u00f6glichen Gelegenheit bekommt ihr die Verabschiedung, die ihr f\u00fcr euren Einsatz verdient habt!<\/p>\n\n\n\n<p>Au\u00dferdem m\u00f6chten wir uns bei unserer Nummer sieben, Heiko Nilles, bedanken. \u00dcber Jahre hinweg hast du die linke Au\u00dfenbahn beackert, unz\u00e4hlige Flanken in den gegnerischen Strafraum segeln lassen und auch au\u00dferhalb des Platzes f\u00fcr unvergessliche Momente gesorgt. Wer auch immer dein Trikot erbt, wird in gro\u00dfe Fu\u00dfstapfen treten. Jetzt steht am Bierstand Zwo schon das erste Urpils f\u00fcr dich kalt, um sobald es wieder losgeht, das Ende deiner Laufbahn zu feiern.<\/p>\n\n\n\n<p>Auch Dominik Jobst hat sich entschieden, die Fu\u00dfballschuhe an den Nagel zu h\u00e4ngen. Leider wurde unserem Knipser durch die Corona-Pandemie bereits im letzten Sommer nicht die Ehre zuteil, die er sich durch seine Eins\u00e4tze in schwarz-gelb verdient h\u00e4tte. Alles Gute f\u00fcr die Zukunft und bis bald auf dem Galgenberg!<\/p>\n\n\n\n<p>Yannick Austgen wird ab der kommenden Spielzeit beim FC Besseringen zwischen den Pfosten stehen. F\u00fcr deine Zeit im Eulenbachstadion w\u00fcnschen wir einem echten Merchinger Jung alles Gute!<\/p>\n\n\n\n<p>Mit Benny Johannes wird ein weiterer Spieler, der das Spiel des SVM in den vergangenen Jahren gepr\u00e4gt hat, den Verein verlassen. Den Farben bleibt unsere ehemalige Nummer vier treu, ihn zieht es zum VfB T\u00fcnsdorf. F\u00fcr deine sportliche und private Zukunft dort w\u00fcnschen wir Dir alles Gute. <\/p>\n\n\n\n<p>Zu guter Letzt verabschieden wir auch Jean-Luc Huffer, der k\u00fcnftig f\u00fcr den SV Hofeld im Norden des Saarlands die Schuhe schn\u00fcrt. Alles Gute f\u00fcr deinen weiteren Weg!<\/p>\n\n\n\n<p>Ralf Schmidt hei\u00dft ab Sommer unser neuer Trainer. Schon zwischen 2004 und 2009 sowie 2013 war er f\u00fcr unsere Aktiven verantwortlich. Nun startet er in seine dritte schwarz-gelbe Amtszeit. Wir freuen uns auf eine erfolgreiche gemeinsame Zeit!<\/p>\n\n\n\n<p>Ebenso freuen wir uns auf die drei Neuzug\u00e4nge Elias Brill (SF Bachem-Rimlingen), Sven Dillinger (FC Besseringen) und Luca Steffensky (JFG Saarschleife). Herzlich Willkommen beim SV Merchingen! <img loading=\"lazy\" decoding=\"async\" height=\"16\" width=\"16\" alt=\"\u26bd\" src=\"https:\/\/static.xx.fbcdn.net\/images\/emoji.php\/v9\/taf\/1\/16\/26bd.png\"><img loading=\"lazy\" decoding=\"async\" height=\"16\" width=\"16\" alt=\"\ud83d\udc9b\" src=\"https:\/\/static.xx.fbcdn.net\/images\/emoji.php\/v9\/t15\/1\/16\/1f49b.png\"><img loading=\"lazy\" decoding=\"async\" height=\"16\" width=\"16\" alt=\"\ud83d\udda4\" src=\"https:\/\/static.xx.fbcdn.net\/images\/emoji.php\/v9\/t0\/1\/16\/1f5a4.png\"><\/p>\n\n\n\n<p>Danke auch an unseren Schriftf\u00fchrer Vincent. <img loading=\"lazy\" decoding=\"async\" height=\"16\" width=\"16\" alt=\"\ud83d\udc4d\" src=\"https:\/\/static.xx.fbcdn.net\/images\/emoji.php\/v9\/tfc\/1\/16\/1f44d.png\"><\/p>\n","protected":false},"excerpt":{"rendered":"<p>Normalerweise h\u00e4tte heute der letzte Spieltag der Saison 2020\/21 stattgefunden. Dann w\u00e4re es wie am Ende jeder Runde an der Zeit gewesen, Danke zu sagen. &hellip; <\/p>\n","protected":false},"author":2,"featured_media":0,"comment_status":"closed","ping_status":"open","sticky":false,"template":"","format":"standard","meta":{"ngg_post_thumbnail":0,"footnotes":""},"categories":[1],"tags":[],"class_list":["post-1120","post","type-post","status-publish","format-standard","hentry","category-allgemein"],"_links":{"self":[{"href":"https:\/\/sv-merchingen.de\/index.php?rest_route=\/wp\/v2\/posts\/1120","targetHints":{"allow":["GET"]}}],"collection":[{"href":"https:\/\/sv-merchingen.de\/index.php?rest_route=\/wp\/v2\/posts"}],"about":[{"href":"https:\/\/sv-merchingen.de\/index.php?rest_route=\/wp\/v2\/types\/post"}],"author":[{"embeddable":true,"href":"https:\/\/sv-merchingen.de\/index.php?rest_route=\/wp\/v2\/users\/2"}],"replies":[{"embeddable":true,"href":"https:\/\/sv-merchingen.de\/index.php?rest_route=%2Fwp%2Fv2%2Fcomments&post=1120"}],"version-history":[{"count":1,"href":"https:\/\/sv-merchingen.de\/index.php?rest_route=\/wp\/v2\/posts\/1120\/revisions"}],"predecessor-version":[{"id":1121,"href":"https:\/\/sv-merchingen.de\/index.php?rest_route=\/wp\/v2\/posts\/1120\/revisions\/1121"}],"wp:attachment":[{"href":"https:\/\/sv-merchingen.de\/index.php?rest_route=%2Fwp%2Fv2%2Fmedia&parent=1120"}],"wp:term":[{"taxonomy":"category","embeddable":true,"href":"https:\/\/sv-merchingen.de\/index.php?rest_route=%2Fwp%2Fv2%2Fcategories&post=1120"},{"taxonomy":"post_tag","embeddable":true,"href":"https:\/\/sv-merchingen.de\/index.php?rest_route=%2Fwp%2Fv2%2Ftags&post=1120"}],"curies":[{"name":"wp","href":"https:\/\/api.w.org\/{rel}","templated":true}]}}